{"id":14902,"date":"2020-06-10T19:50:12","date_gmt":"2020-06-10T18:50:12","guid":{"rendered":"http:\/\/www.joseluisserzo.com\/the-forms-of-the-soul-at-the-servantes-institute-belgrade\/"},"modified":"2020-06-10T19:50:13","modified_gmt":"2020-06-10T18:50:13","slug":"the-forms-of-the-soul-at-the-servantes-institute-belgrade","status":"publish","type":"post","link":"https:\/\/www.joseluisserzo.com\/en\/the-forms-of-the-soul-at-the-servantes-institute-belgrade\/","title":{"rendered":"THE FORMS OF THE SOUL at the Servantes Institute. Belgrade"},"content":{"rendered":"\t\t<div data-elementor-type=\"wp-post\" data-elementor-id=\"14902\" class=\"elementor elementor-14902 elementor-11012\" data-elementor-post-type=\"post\">\n\t\t\t\t\t\t<section class=\"elementor-section elementor-top-section elementor-element elementor-element-8140bc9 elementor-section-boxed elementor-section-height-default elementor-section-height-default\" data-id=\"8140bc9\" data-element_type=\"section\" data-e-type=\"section\">\n\t\t\t\t\t\t<div class=\"elementor-container elementor-column-gap-extended\">\n\t\t\t\t\t<div class=\"elementor-column elementor-col-100 elementor-top-column elementor-element elementor-element-e0088bd sc_inner_width_none sc_content_align_inherit sc_layouts_column_icons_position_left\" data-id=\"e0088bd\" data-element_type=\"column\" data-e-type=\"column\">\n\t\t\t<div class=\"elementor-widget-wrap elementor-element-populated\">\n\t\t\t\t\t\t<div class=\"elementor-element elementor-element-167118e animation_type_block sc_fly_static elementor-widget elementor-widget-heading\" data-id=\"167118e\" data-element_type=\"widget\" data-e-type=\"widget\" data-widget_type=\"heading.default\">\n\t\t\t\t<div class=\"elementor-widget-container\">\n\t\t\t\t\t<h2 class=\"elementor-heading-title elementor-size-default\">7 May 2019\n<\/h2>\t\t\t\t<\/div>\n\t\t\t\t<\/div>\n\t\t\t\t<div class=\"elementor-element elementor-element-c813d3b animation_type_block sc_fly_static elementor-widget elementor-widget-text-editor\" data-id=\"c813d3b\" data-element_type=\"widget\" data-e-type=\"widget\" data-widget_type=\"text-editor.default\">\n\t\t\t\t<div class=\"elementor-widget-container\">\n\t\t\t\t\t\t\t\t\t<p><span id=\"ctrlFichaWebActividad_rpLugares_lbLugar_0\">Institut Servantes. Showroom  <\/span><span id=\"ctrlFichaWebActividad_rpLugares_lbNombreViaLugar_0\">Cika Ljubina, 19. <\/span><span id=\"ctrlFichaWebActividad_rpLugares_lbCodigoPostal_0\">11000<\/span> <span id=\"ctrlFichaWebActividad_rpLugares_lbPoblacionLugar_0\">Beograd <\/span>(<span id=\"ctrlFichaWebActividad_rpLugares_lblPais_0\">Serbia<\/span>)<\/p>\n\t\t\t\t\t\t\t\t<\/div>\n\t\t\t\t<\/div>\n\t\t\t\t<div class=\"elementor-element elementor-element-1919728 animation_type_block sc_fly_static elementor-widget elementor-widget-spacer\" data-id=\"1919728\" data-element_type=\"widget\" data-e-type=\"widget\" data-widget_type=\"spacer.default\">\n\t\t\t\t<div class=\"elementor-widget-container\">\n\t\t\t\t\t\t\t<div class=\"elementor-spacer\">\n\t\t\t<div class=\"elementor-spacer-inner\"><\/div>\n\t\t<\/div>\n\t\t\t\t\t\t<\/div>\n\t\t\t\t<\/div>\n\t\t\t\t<div class=\"elementor-element elementor-element-6e9631b animation_type_block sc_fly_static elementor-widget elementor-widget-image\" data-id=\"6e9631b\" data-element_type=\"widget\" data-e-type=\"widget\" data-widget_type=\"image.default\">\n\t\t\t\t<div class=\"elementor-widget-container\">\n\t\t\t\t\t\t\t\t\t\t\t\t\t\t\t<img fetchpriority=\"high\" decoding=\"async\" width=\"1845\" height=\"2560\" src=\"https:\/\/www.joseluisserzo.com\/wp-content\/uploads\/2020\/04\/Las-formas-del-alma.jpg\" class=\"attachment-full size-full wp-image-11014\" alt=\"\" \/>\t\t\t\t\t\t\t\t\t\t\t\t\t\t\t<\/div>\n\t\t\t\t<\/div>\n\t\t\t\t<div class=\"elementor-element elementor-element-98bba42 animation_type_block sc_fly_static elementor-widget elementor-widget-spacer\" data-id=\"98bba42\" data-element_type=\"widget\" data-e-type=\"widget\" data-widget_type=\"spacer.default\">\n\t\t\t\t<div class=\"elementor-widget-container\">\n\t\t\t\t\t\t\t<div class=\"elementor-spacer\">\n\t\t\t<div class=\"elementor-spacer-inner\"><\/div>\n\t\t<\/div>\n\t\t\t\t\t\t<\/div>\n\t\t\t\t<\/div>\n\t\t\t\t<div class=\"elementor-element elementor-element-206ec2b animation_type_block sc_fly_static elementor-widget elementor-widget-text-editor\" data-id=\"206ec2b\" data-element_type=\"widget\" data-e-type=\"widget\" data-widget_type=\"text-editor.default\">\n\t\t\t\t<div class=\"elementor-widget-container\">\n\t\t\t\t\t\t\t\t\t<p class=\"text\">The thread of this original and impressive exhibition, which brings together the work of some of the most important contemporary artists in Spain, is spirituality and the various ways of understanding and representing the soul. The creative process arises from the reading of texts by the writer Teresa de \u00c1vila and the conversations between the curator and the artists, which nourishes and gives life to the project. <\/p>\n<p class=\"text\">&#8220;The forms of the soul&#8221; is structured in three parts through which the public can move from the Zen state to visions and rituals.<\/p>\n<p class=\"text\">The exhibition, curated by Susana Blas, presents works by the following artists: Chechu \u00c1lava, Mar\u00eda Bueno, Soledad C\u00f3rdoba, Antonio F. Elvira, Santiago Lara, Mireya Mart\u00edn Larumbe, Vicky M\u00e9ndiz, Mapi Rivera, Jos\u00e9 Luis Serzo, Paula Noya, <\/p>\n\t\t\t\t\t\t\t\t<\/div>\n\t\t\t\t<\/div>\n\t\t\t\t<div class=\"elementor-element elementor-element-be111d8 elementor-widget-divider--view-line animation_type_block sc_fly_static elementor-widget elementor-widget-divider\" data-id=\"be111d8\" data-element_type=\"widget\" data-e-type=\"widget\" data-widget_type=\"divider.default\">\n\t\t\t\t<div class=\"elementor-widget-container\">\n\t\t\t\t\t\t\t<div class=\"elementor-divider\">\n\t\t\t<span class=\"elementor-divider-separator\">\n\t\t\t\t\t\t<\/span>\n\t\t<\/div>\n\t\t\t\t\t\t<\/div>\n\t\t\t\t<\/div>\n\t\t\t\t<div class=\"elementor-element elementor-element-9eff068 animation_type_block sc_fly_static elementor-widget elementor-widget-text-editor\" data-id=\"9eff068\" data-element_type=\"widget\" data-e-type=\"widget\" data-widget_type=\"text-editor.default\">\n\t\t\t\t<div class=\"elementor-widget-container\">\n\t\t\t\t\t\t\t\t\t<p class=\"text\">MORE INFORMATION:<\/p>\n<p><a href=\"https:\/\/cultura.cervantes.es\/belgrado\/es\/las-formas-del-alma\/125815\">https:\/\/cultura.cervantes.es\/belgrado\/es\/las-formas-del-alma\/125815<\/a><\/p>\n\t\t\t\t\t\t\t\t<\/div>\n\t\t\t\t<\/div>\n\t\t\t\t<div class=\"elementor-element elementor-element-cbd2cce elementor-widget-divider--view-line animation_type_block sc_fly_static elementor-widget elementor-widget-divider\" data-id=\"cbd2cce\" data-element_type=\"widget\" data-e-type=\"widget\" data-widget_type=\"divider.default\">\n\t\t\t\t<div class=\"elementor-widget-container\">\n\t\t\t\t\t\t\t<div class=\"elementor-divider\">\n\t\t\t<span class=\"elementor-divider-separator\">\n\t\t\t\t\t\t<\/span>\n\t\t<\/div>\n\t\t\t\t\t\t<\/div>\n\t\t\t\t<\/div>\n\t\t\t\t<div class=\"elementor-element elementor-element-b018172 animation_type_block sc_fly_static elementor-widget elementor-widget-post-navigation\" data-id=\"b018172\" data-element_type=\"widget\" data-e-type=\"widget\" data-widget_type=\"post-navigation.default\">\n\t\t\t\t<div class=\"elementor-widget-container\">\n\t\t\t\t\t\t\t<div class=\"elementor-post-navigation\" role=\"navigation\" aria-label=\"Post Navigation\">\n\t\t\t<div class=\"elementor-post-navigation__prev elementor-post-navigation__link\">\n\t\t\t\t<a href=\"https:\/\/www.joseluisserzo.com\/en\/jose-luis-serzo-in-charge-of-making-the-monument-to-the-tarazona-de-la-mancha-carnival\/\" rel=\"prev\"><span class=\"post-navigation__arrow-wrapper post-navigation__arrow-prev\"><i aria-hidden=\"true\" class=\"fas fa-angle-left\"><\/i><span class=\"elementor-screen-only\">Prev<\/span><\/span><span class=\"elementor-post-navigation__link__prev\"><span class=\"post-navigation__prev--label\">SEE PREVIOUS NEWS<\/span><\/span><\/a>\t\t\t<\/div>\n\t\t\t\t\t\t<div class=\"elementor-post-navigation__next elementor-post-navigation__link\">\n\t\t\t\t<a href=\"https:\/\/www.joseluisserzo.com\/en\/jose-luis-serzo-at-justlx-with-the-heartbeats-gallery-lisbon\/\" rel=\"next\"><span class=\"elementor-post-navigation__link__next\"><span class=\"post-navigation__next--label\">SEE NEXT NEWS<\/span><\/span><span class=\"post-navigation__arrow-wrapper post-navigation__arrow-next\"><i aria-hidden=\"true\" class=\"fas fa-angle-right\"><\/i><span class=\"elementor-screen-only\">Next<\/span><\/span><\/a>\t\t\t<\/div>\n\t\t<\/div>\n\t\t\t\t\t\t<\/div>\n\t\t\t\t<\/div>\n\t\t\t\t<div class=\"elementor-element elementor-element-049025f animation_type_block sc_fly_static elementor-widget elementor-widget-spacer\" data-id=\"049025f\" data-element_type=\"widget\" data-e-type=\"widget\" data-widget_type=\"spacer.default\">\n\t\t\t\t<div class=\"elementor-widget-container\">\n\t\t\t\t\t\t\t<div class=\"elementor-spacer\">\n\t\t\t<div class=\"elementor-spacer-inner\"><\/div>\n\t\t<\/div>\n\t\t\t\t\t\t<\/div>\n\t\t\t\t<\/div>\n\t\t\t\t\t<\/div>\n\t\t<\/div>\n\t\t\t\t\t<\/div>\n\t\t<\/section>\n\t\t\t\t<\/div>\n\t\t","protected":false},"excerpt":{"rendered":"<p>The thread of this original and impressive exhibition, which brings together the work of some of the most important contemporary artists in Spain, is spirituality and the various ways of understanding and representing the soul. The creative process arises from the reading of texts by the writer Teresa de \u00c1vila and the conversations between the curator and the artists, which nourishes and gives life to the project. &#8220;The Forms of the Soul&#8221; is structured in three parts by which the public&#8230;  <\/p>\n","protected":false},"author":1,"featured_media":11016,"comment_status":"closed","ping_status":"closed","sticky":false,"template":"elementor_header_footer","format":"standard","meta":{"_monsterinsights_skip_tracking":false,"_monsterinsights_sitenote_active":false,"_monsterinsights_sitenote_note":"","_monsterinsights_sitenote_category":0,"footnotes":""},"categories":[110],"tags":[],"class_list":["post-14902","post","type-post","status-publish","format-standard","has-post-thumbnail","hentry","category-news"],"_links":{"self":[{"href":"https:\/\/www.joseluisserzo.com\/en\/wp-json\/wp\/v2\/posts\/14902","targetHints":{"allow":["GET"]}}],"collection":[{"href":"https:\/\/www.joseluisserzo.com\/en\/wp-json\/wp\/v2\/posts"}],"about":[{"href":"https:\/\/www.joseluisserzo.com\/en\/wp-json\/wp\/v2\/types\/post"}],"author":[{"embeddable":true,"href":"https:\/\/www.joseluisserzo.com\/en\/wp-json\/wp\/v2\/users\/1"}],"replies":[{"embeddable":true,"href":"https:\/\/www.joseluisserzo.com\/en\/wp-json\/wp\/v2\/comments?post=14902"}],"version-history":[{"count":3,"href":"https:\/\/www.joseluisserzo.com\/en\/wp-json\/wp\/v2\/posts\/14902\/revisions"}],"predecessor-version":[{"id":14905,"href":"https:\/\/www.joseluisserzo.com\/en\/wp-json\/wp\/v2\/posts\/14902\/revisions\/14905"}],"wp:featuredmedia":[{"embeddable":true,"href":"https:\/\/www.joseluisserzo.com\/en\/wp-json\/wp\/v2\/media\/11016"}],"wp:attachment":[{"href":"https:\/\/www.joseluisserzo.com\/en\/wp-json\/wp\/v2\/media?parent=14902"}],"wp:term":[{"taxonomy":"category","embeddable":true,"href":"https:\/\/www.joseluisserzo.com\/en\/wp-json\/wp\/v2\/categories?post=14902"},{"taxonomy":"post_tag","embeddable":true,"href":"https:\/\/www.joseluisserzo.com\/en\/wp-json\/wp\/v2\/tags?post=14902"}],"curies":[{"name":"wp","href":"https:\/\/api.w.org\/{rel}","templated":true}]}}