{"id":14664,"date":"2020-06-09T13:16:36","date_gmt":"2020-06-09T12:16:36","guid":{"rendered":"http:\/\/www.joseluisserzo.com\/the-forms-of-the-soul-at-the-instituto-cervantes-madrid\/"},"modified":"2020-06-09T13:16:38","modified_gmt":"2020-06-09T12:16:38","slug":"the-forms-of-the-soul-at-the-instituto-cervantes-madrid","status":"publish","type":"post","link":"https:\/\/www.joseluisserzo.com\/en\/the-forms-of-the-soul-at-the-instituto-cervantes-madrid\/","title":{"rendered":"THE FORMS OF THE SOUL at the Instituto Cervantes. Madrid"},"content":{"rendered":"\t\t<div data-elementor-type=\"wp-post\" data-elementor-id=\"14664\" class=\"elementor elementor-14664 elementor-11123\" data-elementor-post-type=\"post\">\n\t\t\t\t\t\t<section class=\"elementor-section elementor-top-section elementor-element elementor-element-8140bc9 elementor-section-boxed elementor-section-height-default elementor-section-height-default\" data-id=\"8140bc9\" data-element_type=\"section\" data-e-type=\"section\">\n\t\t\t\t\t\t<div class=\"elementor-container elementor-column-gap-extended\">\n\t\t\t\t\t<div class=\"elementor-column elementor-col-100 elementor-top-column elementor-element elementor-element-e0088bd sc_inner_width_none sc_content_align_inherit sc_layouts_column_icons_position_left\" data-id=\"e0088bd\" data-element_type=\"column\" data-e-type=\"column\">\n\t\t\t<div class=\"elementor-widget-wrap elementor-element-populated\">\n\t\t\t\t\t\t<div class=\"elementor-element elementor-element-167118e animation_type_block sc_fly_static elementor-widget elementor-widget-heading\" data-id=\"167118e\" data-element_type=\"widget\" data-e-type=\"widget\" data-widget_type=\"heading.default\">\n\t\t\t\t<div class=\"elementor-widget-container\">\n\t\t\t\t\t<h2 class=\"elementor-heading-title elementor-size-default\">Tuesday, 26 September 2017\n<\/h2>\t\t\t\t<\/div>\n\t\t\t\t<\/div>\n\t\t\t\t<div class=\"elementor-element elementor-element-c813d3b animation_type_block sc_fly_static elementor-widget elementor-widget-text-editor\" data-id=\"c813d3b\" data-element_type=\"widget\" data-e-type=\"widget\" data-widget_type=\"text-editor.default\">\n\t\t\t\t<div class=\"elementor-widget-container\">\n\t\t\t\t\t\t\t\t\t<p>Cervantes Institute<\/p>\n\t\t\t\t\t\t\t\t<\/div>\n\t\t\t\t<\/div>\n\t\t\t\t<div class=\"elementor-element elementor-element-1919728 animation_type_block sc_fly_static elementor-widget elementor-widget-spacer\" data-id=\"1919728\" data-element_type=\"widget\" data-e-type=\"widget\" data-widget_type=\"spacer.default\">\n\t\t\t\t<div class=\"elementor-widget-container\">\n\t\t\t\t\t\t\t<div class=\"elementor-spacer\">\n\t\t\t<div class=\"elementor-spacer-inner\"><\/div>\n\t\t<\/div>\n\t\t\t\t\t\t<\/div>\n\t\t\t\t<\/div>\n\t\t\t\t<div class=\"elementor-element elementor-element-6e9631b animation_type_block sc_fly_static elementor-widget elementor-widget-image\" data-id=\"6e9631b\" data-element_type=\"widget\" data-e-type=\"widget\" data-widget_type=\"image.default\">\n\t\t\t\t<div class=\"elementor-widget-container\">\n\t\t\t\t\t\t\t\t\t\t\t\t\t\t\t<img fetchpriority=\"high\" decoding=\"async\" width=\"900\" height=\"507\" src=\"https:\/\/www.joseluisserzo.com\/wp-content\/uploads\/2020\/05\/bc5983b67a44bcede801e2ff363b54e0_XL.jpg\" class=\"attachment-full size-full wp-image-11125\" alt=\"\" srcset=\"https:\/\/www.joseluisserzo.com\/wp-content\/uploads\/2020\/05\/bc5983b67a44bcede801e2ff363b54e0_XL.jpg 900w, https:\/\/www.joseluisserzo.com\/wp-content\/uploads\/2020\/05\/bc5983b67a44bcede801e2ff363b54e0_XL-300x169.jpg 300w, https:\/\/www.joseluisserzo.com\/wp-content\/uploads\/2020\/05\/bc5983b67a44bcede801e2ff363b54e0_XL-768x433.jpg 768w, https:\/\/www.joseluisserzo.com\/wp-content\/uploads\/2020\/05\/bc5983b67a44bcede801e2ff363b54e0_XL-370x208.jpg 370w, https:\/\/www.joseluisserzo.com\/wp-content\/uploads\/2020\/05\/bc5983b67a44bcede801e2ff363b54e0_XL-770x434.jpg 770w, https:\/\/www.joseluisserzo.com\/wp-content\/uploads\/2020\/05\/bc5983b67a44bcede801e2ff363b54e0_XL-270x152.jpg 270w\" sizes=\"(max-width: 900px) 100vw, 900px\" \/>\t\t\t\t\t\t\t\t\t\t\t\t\t\t\t<\/div>\n\t\t\t\t<\/div>\n\t\t\t\t<div class=\"elementor-element elementor-element-bd03f66 animation_type_block sc_fly_static elementor-widget elementor-widget-spacer\" data-id=\"bd03f66\" data-element_type=\"widget\" data-e-type=\"widget\" data-widget_type=\"spacer.default\">\n\t\t\t\t<div class=\"elementor-widget-container\">\n\t\t\t\t\t\t\t<div class=\"elementor-spacer\">\n\t\t\t<div class=\"elementor-spacer-inner\"><\/div>\n\t\t<\/div>\n\t\t\t\t\t\t<\/div>\n\t\t\t\t<\/div>\n\t\t\t\t<div class=\"elementor-element elementor-element-206ec2b animation_type_block sc_fly_static elementor-widget elementor-widget-text-editor\" data-id=\"206ec2b\" data-element_type=\"widget\" data-e-type=\"widget\" data-widget_type=\"text-editor.default\">\n\t\t\t\t<div class=\"elementor-widget-container\">\n\t\t\t\t\t\t\t\t\t<p>This Wednesday, September 27, <em>The Forms of the soul<\/em>will be inaugurated at the Instituto Cervantes, curated by Susana Blas and bringing together the artists:<br \/>Chechu \u00c1lava, Mar\u00eda Bueno, Soledad C\u00f3rdoba, Antonio F. Alvira, Santiago Lara, Mireya Mart\u00edn, Vicky M\u00e9ndiz, Paula Noya, Mapi Rivera, Jos\u00e9 Luis Serzo, SUSO33, Yolanda Tabanera, Marina Vargas, Juan Zamora.<\/p>\n<p>This project has its origin in the room of the Casa de la Mujer in Zaragoza, on the occasion of the commemoration of Teresa de Avila. The spirituality and the different ways of understanding and representing the soul are the thread, and the creative process arises from the reading of texts by the writer from \u00c1vila, and the conversations between the curator and the artists, which nourishes and gives life to this project. <br \/>For the exhibition at the Instituto Cervantes, each artist has adapted their works to the space, and for this purpose three areas have been generated through which the visitors transit from the Zen state, to the visions and the ritual.<\/p>\n<p>Dates: of 28\/09\/2017 to 26\/11\/2017<br \/>Opening: 27\/09\/2017 (20:00 h)<br \/>Place: Instituto Cervantes &#8211; Exhibition Hall<br \/>c\/ Alcal\u00e1, 49, Madrid.<\/p>\n\t\t\t\t\t\t\t\t<\/div>\n\t\t\t\t<\/div>\n\t\t\t\t<div class=\"elementor-element elementor-element-77b0527 animation_type_block sc_fly_static elementor-widget elementor-widget-spacer\" data-id=\"77b0527\" data-element_type=\"widget\" data-e-type=\"widget\" data-widget_type=\"spacer.default\">\n\t\t\t\t<div class=\"elementor-widget-container\">\n\t\t\t\t\t\t\t<div class=\"elementor-spacer\">\n\t\t\t<div class=\"elementor-spacer-inner\"><\/div>\n\t\t<\/div>\n\t\t\t\t\t\t<\/div>\n\t\t\t\t<\/div>\n\t\t\t\t<div class=\"elementor-element elementor-element-f493115 animation_type_block sc_fly_static elementor-widget elementor-widget-image\" data-id=\"f493115\" data-element_type=\"widget\" data-e-type=\"widget\" data-widget_type=\"image.default\">\n\t\t\t\t<div class=\"elementor-widget-container\">\n\t\t\t\t\t\t\t\t\t\t\t\t\t\t\t<img decoding=\"async\" width=\"900\" height=\"598\" src=\"https:\/\/www.joseluisserzo.com\/wp-content\/uploads\/2020\/05\/Serzo.jpg\" class=\"attachment-full size-full wp-image-11128\" alt=\"\" srcset=\"https:\/\/www.joseluisserzo.com\/wp-content\/uploads\/2020\/05\/Serzo.jpg 900w, https:\/\/www.joseluisserzo.com\/wp-content\/uploads\/2020\/05\/Serzo-300x199.jpg 300w, https:\/\/www.joseluisserzo.com\/wp-content\/uploads\/2020\/05\/Serzo-768x510.jpg 768w, https:\/\/www.joseluisserzo.com\/wp-content\/uploads\/2020\/05\/Serzo-370x246.jpg 370w, https:\/\/www.joseluisserzo.com\/wp-content\/uploads\/2020\/05\/Serzo-770x512.jpg 770w\" sizes=\"(max-width: 900px) 100vw, 900px\" \/>\t\t\t\t\t\t\t\t\t\t\t\t\t\t\t<\/div>\n\t\t\t\t<\/div>\n\t\t\t\t<div class=\"elementor-element elementor-element-cbd2cce elementor-widget-divider--view-line animation_type_block sc_fly_static elementor-widget elementor-widget-divider\" data-id=\"cbd2cce\" data-element_type=\"widget\" data-e-type=\"widget\" data-widget_type=\"divider.default\">\n\t\t\t\t<div class=\"elementor-widget-container\">\n\t\t\t\t\t\t\t<div class=\"elementor-divider\">\n\t\t\t<span class=\"elementor-divider-separator\">\n\t\t\t\t\t\t<\/span>\n\t\t<\/div>\n\t\t\t\t\t\t<\/div>\n\t\t\t\t<\/div>\n\t\t\t\t<div class=\"elementor-element elementor-element-b018172 animation_type_block sc_fly_static elementor-widget elementor-widget-post-navigation\" data-id=\"b018172\" data-element_type=\"widget\" data-e-type=\"widget\" data-widget_type=\"post-navigation.default\">\n\t\t\t\t<div class=\"elementor-widget-container\">\n\t\t\t\t\t\t\t<div class=\"elementor-post-navigation\" role=\"navigation\" aria-label=\"Post Navigation\">\n\t\t\t<div class=\"elementor-post-navigation__prev elementor-post-navigation__link\">\n\t\t\t\t<a href=\"https:\/\/www.joseluisserzo.com\/en\/stylists-at-rafael-perez-hernando-gallery-madrid\/\" rel=\"prev\"><span class=\"post-navigation__arrow-wrapper post-navigation__arrow-prev\"><i aria-hidden=\"true\" class=\"fas fa-angle-left\"><\/i><span class=\"elementor-screen-only\">Prev<\/span><\/span><span class=\"elementor-post-navigation__link__prev\"><span class=\"post-navigation__prev--label\">SEE PREVIOUS NEWS<\/span><\/span><\/a>\t\t\t<\/div>\n\t\t\t\t\t\t<div class=\"elementor-post-navigation__next elementor-post-navigation__link\">\n\t\t\t\t<a href=\"https:\/\/www.joseluisserzo.com\/en\/jose-luis-serzo-in-drawing-room-fine-arts-circle-of-madrid\/\" rel=\"next\"><span class=\"elementor-post-navigation__link__next\"><span class=\"post-navigation__next--label\">SEE NEXT NEWS<\/span><\/span><span class=\"post-navigation__arrow-wrapper post-navigation__arrow-next\"><i aria-hidden=\"true\" class=\"fas fa-angle-right\"><\/i><span class=\"elementor-screen-only\">Next<\/span><\/span><\/a>\t\t\t<\/div>\n\t\t<\/div>\n\t\t\t\t\t\t<\/div>\n\t\t\t\t<\/div>\n\t\t\t\t<div class=\"elementor-element elementor-element-049025f animation_type_block sc_fly_static elementor-widget elementor-widget-spacer\" data-id=\"049025f\" data-element_type=\"widget\" data-e-type=\"widget\" data-widget_type=\"spacer.default\">\n\t\t\t\t<div class=\"elementor-widget-container\">\n\t\t\t\t\t\t\t<div class=\"elementor-spacer\">\n\t\t\t<div class=\"elementor-spacer-inner\"><\/div>\n\t\t<\/div>\n\t\t\t\t\t\t<\/div>\n\t\t\t\t<\/div>\n\t\t\t\t\t<\/div>\n\t\t<\/div>\n\t\t\t\t\t<\/div>\n\t\t<\/section>\n\t\t\t\t<\/div>\n\t\t","protected":false},"excerpt":{"rendered":"<p>This Wednesday, September 27th, Las formas del alma will be inaugurated at the Instituto Cervantes, curated by Susana Blas and bringing together the artists: Chechu \u00c1lava, Mar\u00eda Bueno, Soledad C\u00f3rdoba, Antonio F. Alvira, Santiago Lara, Mireya Mart\u00edn, Vicky M\u00e9ndiz, Paula Noya, Mapi Rivera, Jos\u00e9 Luis Serzo, SUSO33, Yolanda Tabanera, Marina Vargas, Juan Zamora&#8230;<\/p>\n","protected":false},"author":1,"featured_media":11131,"comment_status":"closed","ping_status":"closed","sticky":false,"template":"elementor_header_footer","format":"standard","meta":{"_monsterinsights_skip_tracking":false,"_monsterinsights_sitenote_active":false,"_monsterinsights_sitenote_note":"","_monsterinsights_sitenote_category":0,"footnotes":""},"categories":[110],"tags":[],"class_list":["post-14664","post","type-post","status-publish","format-standard","has-post-thumbnail","hentry","category-news"],"_links":{"self":[{"href":"https:\/\/www.joseluisserzo.com\/en\/wp-json\/wp\/v2\/posts\/14664","targetHints":{"allow":["GET"]}}],"collection":[{"href":"https:\/\/www.joseluisserzo.com\/en\/wp-json\/wp\/v2\/posts"}],"about":[{"href":"https:\/\/www.joseluisserzo.com\/en\/wp-json\/wp\/v2\/types\/post"}],"author":[{"embeddable":true,"href":"https:\/\/www.joseluisserzo.com\/en\/wp-json\/wp\/v2\/users\/1"}],"replies":[{"embeddable":true,"href":"https:\/\/www.joseluisserzo.com\/en\/wp-json\/wp\/v2\/comments?post=14664"}],"version-history":[{"count":3,"href":"https:\/\/www.joseluisserzo.com\/en\/wp-json\/wp\/v2\/posts\/14664\/revisions"}],"predecessor-version":[{"id":14667,"href":"https:\/\/www.joseluisserzo.com\/en\/wp-json\/wp\/v2\/posts\/14664\/revisions\/14667"}],"wp:featuredmedia":[{"embeddable":true,"href":"https:\/\/www.joseluisserzo.com\/en\/wp-json\/wp\/v2\/media\/11131"}],"wp:attachment":[{"href":"https:\/\/www.joseluisserzo.com\/en\/wp-json\/wp\/v2\/media?parent=14664"}],"wp:term":[{"taxonomy":"category","embeddable":true,"href":"https:\/\/www.joseluisserzo.com\/en\/wp-json\/wp\/v2\/categories?post=14664"},{"taxonomy":"post_tag","embeddable":true,"href":"https:\/\/www.joseluisserzo.com\/en\/wp-json\/wp\/v2\/tags?post=14664"}],"curies":[{"name":"wp","href":"https:\/\/api.w.org\/{rel}","templated":true}]}}